{"id":827,"date":"2020-11-16T22:54:14","date_gmt":"2020-11-16T21:54:14","guid":{"rendered":"http:\/\/pepason.fr\/?p=827"},"modified":"2023-01-26T12:38:04","modified_gmt":"2023-01-26T11:38:04","slug":"atelier-exploration-sensible-et-critique-du-paysage-sonore-lyonnais-contemporain","status":"publish","type":"post","link":"https:\/\/pepason.fr\/?p=827","title":{"rendered":"Atelier &#8211; Exploration sensible et critique du paysage sonore Lyonnais contemporain"},"content":{"rendered":"\t\t<div data-elementor-type=\"wp-post\" data-elementor-id=\"827\" class=\"elementor elementor-827\">\n\t\t\t\t\t\t<div class=\"elementor-inner\">\n\t\t\t\t<div class=\"elementor-section-wrap\">\n\t\t\t\t\t\t\t\t\t<section class=\"elementor-section elementor-top-section elementor-element elementor-element-7f95815 elementor-section-boxed elementor-section-height-default elementor-section-height-default\" data-id=\"7f95815\" data-element_type=\"section\">\n\t\t\t\t\t\t<div class=\"elementor-container elementor-column-gap-default\">\n\t\t\t\t\t\t\t<div class=\"elementor-row\">\n\t\t\t\t\t<div class=\"elementor-column elementor-col-100 elementor-top-column elementor-element elementor-element-20a10ed\" data-id=\"20a10ed\" data-element_type=\"column\">\n\t\t\t<div class=\"elementor-column-wrap elementor-element-populated\">\n\t\t\t\t\t\t\t<div class=\"elementor-widget-wrap\">\n\t\t\t\t\t\t<div class=\"elementor-element elementor-element-cdc4bb2 elementor-widget elementor-widget-heading\" data-id=\"cdc4bb2\" data-element_type=\"widget\" data-widget_type=\"heading.default\">\n\t\t\t\t<div class=\"elementor-widget-container\">\n\t\t\t<h2 class=\"elementor-heading-title elementor-size-default\">Atelier - Exploration sensible et critique du paysage sonore Lyonnais contemporain avec l'Alternati'bar ce 12\/11\/2020 !<\/h2>\t\t<\/div>\n\t\t\t\t<\/div>\n\t\t\t\t\t\t<\/div>\n\t\t\t\t\t<\/div>\n\t\t<\/div>\n\t\t\t\t\t\t\t\t<\/div>\n\t\t\t\t\t<\/div>\n\t\t<\/section>\n\t\t\t\t<section class=\"elementor-section elementor-top-section elementor-element elementor-element-5b33336 elementor-section-boxed elementor-section-height-default elementor-section-height-default\" data-id=\"5b33336\" data-element_type=\"section\">\n\t\t\t\t\t\t<div class=\"elementor-container elementor-column-gap-default\">\n\t\t\t\t\t\t\t<div class=\"elementor-row\">\n\t\t\t\t\t<div class=\"elementor-column elementor-col-100 elementor-top-column elementor-element elementor-element-2b2d477\" data-id=\"2b2d477\" data-element_type=\"column\">\n\t\t\t<div class=\"elementor-column-wrap elementor-element-populated\">\n\t\t\t\t\t\t\t<div class=\"elementor-widget-wrap\">\n\t\t\t\t\t\t<div class=\"elementor-element elementor-element-7504140 elementor-widget elementor-widget-text-editor\" data-id=\"7504140\" data-element_type=\"widget\" data-widget_type=\"text-editor.default\">\n\t\t\t\t<div class=\"elementor-widget-container\">\n\t\t\t\t\t\t\t\t<div class=\"elementor-text-editor elementor-clearfix\">\n\t\t\t\t<p>Arthur Enguehard, membre du collectif PePaSon est intervenu ce Jeudi 12 Novembre au soir avec l&#8217;Alternati&#8217;bar (<a href=\"https:\/\/www.facebook.com\/alternatibarmda.rhone\">FB<\/a> &#8211; <a href=\"https:\/\/alternatiba.eu\/rhone\/la-programmation\/\">Site Web<\/a>) aupr\u00e8s du grand-public Lyonnais (<a href=\"https:\/\/www.facebook.com\/events\/1047092505719091\">Lien \u00e9v\u00e8nement FB<\/a>) pour un atelier exceptionnel sur le paysage sonore de leur ville !<\/p><p>Malgr\u00e9 les conditions sanitaires nous avons tenu \u00e0 conserver l&#8217;\u00e9v\u00e8nement et l&#8217;avons format\u00e9 pour \u00eatre &#8220;\u00e0 distance&#8221; !<\/p><p>\u00a0<\/p>\t\t\t\t\t<\/div>\n\t\t\t\t\t\t<\/div>\n\t\t\t\t<\/div>\n\t\t\t\t<div class=\"elementor-element elementor-element-f742667 elementor-widget elementor-widget-text-editor\" data-id=\"f742667\" data-element_type=\"widget\" data-widget_type=\"text-editor.default\">\n\t\t\t\t<div class=\"elementor-widget-container\">\n\t\t\t\t\t\t\t\t<div class=\"elementor-text-editor elementor-clearfix\">\n\t\t\t\t<iframe loading=\"lazy\" src=\"https:\/\/archive.org\/embed\/20201112-balades-lyonnaises-mix-conference\" width=\"500\" height=\"40\" frameborder=\"0\" webkitallowfullscreen=\"true\" mozallowfullscreen=\"true\" allowfullscreen><\/iframe>\t\t\t\t\t<\/div>\n\t\t\t\t\t\t<\/div>\n\t\t\t\t<\/div>\n\t\t\t\t<div class=\"elementor-element elementor-element-668ba6a elementor-widget elementor-widget-image\" data-id=\"668ba6a\" data-element_type=\"widget\" data-widget_type=\"image.default\">\n\t\t\t\t<div class=\"elementor-widget-container\">\n\t\t\t\t\t\t\t\t<div class=\"elementor-image\">\n\t\t\t\t\t\t\t\t\t\t\t\t<img width=\"800\" height=\"188\" src=\"https:\/\/pepason.fr\/wp-content\/uploads\/2020\/11\/Image_FriseEsth\u00e9tique-1024x240.png\" class=\"attachment-large size-large\" alt=\"\" loading=\"lazy\" srcset=\"https:\/\/pepason.fr\/wp-content\/uploads\/2020\/11\/Image_FriseEsth\u00e9tique-1024x240.png 1024w, https:\/\/pepason.fr\/wp-content\/uploads\/2020\/11\/Image_FriseEsth\u00e9tique-300x70.png 300w, https:\/\/pepason.fr\/wp-content\/uploads\/2020\/11\/Image_FriseEsth\u00e9tique-768x180.png 768w, https:\/\/pepason.fr\/wp-content\/uploads\/2020\/11\/Image_FriseEsth\u00e9tique.png 1337w\" sizes=\"(max-width: 800px) 100vw, 800px\" \/>\t\t\t\t\t\t\t\t\t\t\t\t\t\t<\/div>\n\t\t\t\t\t\t<\/div>\n\t\t\t\t<\/div>\n\t\t\t\t<section class=\"elementor-section elementor-inner-section elementor-element elementor-element-0666a74 elementor-section-boxed elementor-section-height-default elementor-section-height-default\" data-id=\"0666a74\" data-element_type=\"section\">\n\t\t\t\t\t\t<div class=\"elementor-container elementor-column-gap-default\">\n\t\t\t\t\t\t\t<div class=\"elementor-row\">\n\t\t\t\t\t<div class=\"elementor-column elementor-col-50 elementor-inner-column elementor-element elementor-element-6685f85\" data-id=\"6685f85\" data-element_type=\"column\">\n\t\t\t<div class=\"elementor-column-wrap elementor-element-populated\">\n\t\t\t\t\t\t\t<div class=\"elementor-widget-wrap\">\n\t\t\t\t\t\t<div class=\"elementor-element elementor-element-66b4e20 elementor-widget elementor-widget-image\" data-id=\"66b4e20\" data-element_type=\"widget\" data-widget_type=\"image.default\">\n\t\t\t\t<div class=\"elementor-widget-container\">\n\t\t\t\t\t\t\t\t<div class=\"elementor-image\">\n\t\t\t\t\t\t\t\t\t\t\t\t<img width=\"481\" height=\"731\" src=\"https:\/\/pepason.fr\/wp-content\/uploads\/2020\/11\/Image_BaladeLyon.png\" class=\"attachment-large size-large\" alt=\"\" loading=\"lazy\" srcset=\"https:\/\/pepason.fr\/wp-content\/uploads\/2020\/11\/Image_BaladeLyon.png 481w, https:\/\/pepason.fr\/wp-content\/uploads\/2020\/11\/Image_BaladeLyon-197x300.png 197w\" sizes=\"(max-width: 481px) 100vw, 481px\" \/>\t\t\t\t\t\t\t\t\t\t\t\t\t\t<\/div>\n\t\t\t\t\t\t<\/div>\n\t\t\t\t<\/div>\n\t\t\t\t\t\t<\/div>\n\t\t\t\t\t<\/div>\n\t\t<\/div>\n\t\t\t\t<div class=\"elementor-column elementor-col-50 elementor-inner-column elementor-element elementor-element-f667572\" data-id=\"f667572\" data-element_type=\"column\">\n\t\t\t<div class=\"elementor-column-wrap elementor-element-populated\">\n\t\t\t\t\t\t\t<div class=\"elementor-widget-wrap\">\n\t\t\t\t\t\t<div class=\"elementor-element elementor-element-43cb8c6 elementor-widget elementor-widget-text-editor\" data-id=\"43cb8c6\" data-element_type=\"widget\" data-widget_type=\"text-editor.default\">\n\t\t\t\t<div class=\"elementor-widget-container\">\n\t\t\t\t\t\t\t\t<div class=\"elementor-text-editor elementor-clearfix\">\n\t\t\t\t<p><span style=\"text-decoration: underline;\"><strong>Au programme<\/strong><\/span> :<\/p><ul><li>Une balade sonore virtuelle (<a href=\"https:\/\/www.dropbox.com\/s\/rvc8zn9y7yz97hb\/20201112_Balades_lyonnaises_MixConference.mp3?dl=0\">\u00e0 r\u00e9\u00e9couter ici<\/a>)<\/li><li>Des discussions et ateliers d&#8217;expression pour s&#8217;approprier la notion de paysage sonore<\/li><li>Des outils pour d\u00e9crire, caract\u00e9riser et analyser le paysage sonore Lyonnais<\/li><li>Des d\u00e9bats de soci\u00e9t\u00e9 pour \u00e9valuer nosleviers d&#8217;actions pour influencer l&#8217;\u00e9volution du paysage sonore urbain\u00a0<\/li><\/ul><p>Si vous\u00a0 aussi vous \u00eates int\u00e9ress\u00e9-e-s ou curieux-ses alors allez lire<a href=\"https:\/\/www.dropbox.com\/s\/ftcb535pkii5ka7\/20201115_CR_ExplorationSensibleEtCritiqueDuPaysageSonoreLyonnaisContemporain.pdf?dl=0\"> le compte-rendu de l&#8217;atelier<\/a> ! Pr\u00e9sent\u00e9 sous forme d&#8217;article il vous am\u00e8nera vous aussi \u00e0 questionner et changer de point d&#8217;ou\u00efe sur le paysage Lyonnais de votre quotidien !\u00a0<\/p>\t\t\t\t\t<\/div>\n\t\t\t\t\t\t<\/div>\n\t\t\t\t<\/div>\n\t\t\t\t\t\t<\/div>\n\t\t\t\t\t<\/div>\n\t\t<\/div>\n\t\t\t\t\t\t\t\t<\/div>\n\t\t\t\t\t<\/div>\n\t\t<\/section>\n\t\t\t\t<div class=\"elementor-element elementor-element-0eef3ca elementor-align-center elementor-widget elementor-widget-button\" data-id=\"0eef3ca\" data-element_type=\"widget\" data-widget_type=\"button.default\">\n\t\t\t\t<div class=\"elementor-widget-container\">\n\t\t\t\t\t<div class=\"elementor-button-wrapper\">\n\t\t\t<a href=\"https:\/\/www.dropbox.com\/s\/ftcb535pkii5ka7\/20201115_CR_ExplorationSensibleEtCritiqueDuPaysageSonoreLyonnaisContemporain.pdf?dl=0\" class=\"elementor-button-link elementor-button elementor-size-md\" role=\"button\">\n\t\t\t\t\t\t<span class=\"elementor-button-content-wrapper\">\n\t\t\t\t\t\t\t<span class=\"elementor-button-icon elementor-align-icon-left\">\n\t\t\t\t<i aria-hidden=\"true\" class=\"fas fa-book-open\"><\/i>\t\t\t<\/span>\n\t\t\t\t\t\t<span class=\"elementor-button-text\">Lire l'article de l'atelier !<\/span>\n\t\t<\/span>\n\t\t\t\t\t<\/a>\n\t\t<\/div>\n\t\t\t\t<\/div>\n\t\t\t\t<\/div>\n\t\t\t\t<div class=\"elementor-element elementor-element-09ff1dc elementor-widget elementor-widget-text-editor\" data-id=\"09ff1dc\" data-element_type=\"widget\" data-widget_type=\"text-editor.default\">\n\t\t\t\t<div class=\"elementor-widget-container\">\n\t\t\t\t\t\t\t\t<div class=\"elementor-text-editor elementor-clearfix\">\n\t\t\t\t<p>Cet atelier a \u00e9t\u00e9 un v\u00e9ritable r\u00e9ussite de notre point de vue et de celui des participant-e-s ! Alors si vous \u00eates curieux-ses et souhaitez nous faire intervenir n&#8217;h\u00e9sitez pas \u00e0 <a href=\"http:\/\/pepason.fr\/?page_id=121\">nous contacter<\/a> !<\/p>\t\t\t\t\t<\/div>\n\t\t\t\t\t\t<\/div>\n\t\t\t\t<\/div>\n\t\t\t\t<div class=\"elementor-element elementor-element-96db4ee elementor-widget elementor-widget-image\" data-id=\"96db4ee\" data-element_type=\"widget\" data-widget_type=\"image.default\">\n\t\t\t\t<div class=\"elementor-widget-container\">\n\t\t\t\t\t\t\t\t<div class=\"elementor-image\">\n\t\t\t\t\t\t\t\t\t\t\t\t<img width=\"800\" height=\"224\" src=\"https:\/\/pepason.fr\/wp-content\/uploads\/2020\/11\/Image_FriseHistorique-1024x287.png\" class=\"attachment-large size-large\" alt=\"\" loading=\"lazy\" srcset=\"https:\/\/pepason.fr\/wp-content\/uploads\/2020\/11\/Image_FriseHistorique-1024x287.png 1024w, https:\/\/pepason.fr\/wp-content\/uploads\/2020\/11\/Image_FriseHistorique-300x84.png 300w, https:\/\/pepason.fr\/wp-content\/uploads\/2020\/11\/Image_FriseHistorique-768x215.png 768w, https:\/\/pepason.fr\/wp-content\/uploads\/2020\/11\/Image_FriseHistorique-1536x430.png 1536w, https:\/\/pepason.fr\/wp-content\/uploads\/2020\/11\/Image_FriseHistorique.png 1678w\" sizes=\"(max-width: 800px) 100vw, 800px\" \/>\t\t\t\t\t\t\t\t\t\t\t\t\t\t<\/div>\n\t\t\t\t\t\t<\/div>\n\t\t\t\t<\/div>\n\t\t\t\t<div class=\"elementor-element elementor-element-65954a0 elementor-widget elementor-widget-text-editor\" data-id=\"65954a0\" data-element_type=\"widget\" data-widget_type=\"text-editor.default\">\n\t\t\t\t<div class=\"elementor-widget-container\">\n\t\t\t\t\t\t\t\t<div class=\"elementor-text-editor elementor-clearfix\">\n\t\t\t\t<pre><em><span style=\"text-decoration: underline;\">LEGENDE<\/span> : Dans la repr\u00e9sentation ci-dessus (\u00e0 d\u00e9couvrir dans l'article de l'atelier) nous proposons un questionnement sur <strong>l'historicit\u00e9 du paysage<\/strong> sonore Lyonnais en menant une <strong>d\u00e9marche analytique<\/strong> mais en construisant une <strong>repr\u00e9sentation \/ exposition \"synesth\u00e9sique\"<\/strong> porteuse de sens. <\/em><\/pre>\t\t\t\t\t<\/div>\n\t\t\t\t\t\t<\/div>\n\t\t\t\t<\/div>\n\t\t\t\t\t\t<\/div>\n\t\t\t\t\t<\/div>\n\t\t<\/div>\n\t\t\t\t\t\t\t\t<\/div>\n\t\t\t\t\t<\/div>\n\t\t<\/section>\n\t\t\t\t\t\t\t\t\t<\/div>\n\t\t\t<\/div>\n\t\t\t\t\t<\/div>\n\t\t","protected":false},"excerpt":{"rendered":"<p>Ce Jeudi 12 Novembre 2020 nous sommes intervenu &#8220;\u00e0 distance&#8221; en partenariat avec l&#8217;Alternati&#8217;bar pour proposer un atelier d&#8217;\u00e9change sur le paysage sonore Lyonnais ! Au programme : balade virtuelle ; expression artistique et d\u00e9bats de fond. Une belle exp\u00e9rience que nous souhaitons renouveler !<\/p>\n","protected":false},"author":12,"featured_media":829,"comment_status":"open","ping_status":"open","sticky":false,"template":"","format":"standard","meta":{"_monsterinsights_skip_tracking":false,"_monsterinsights_sitenote_active":false,"_monsterinsights_sitenote_note":"","_monsterinsights_sitenote_category":0,"cybocfi_hide_featured_image":""},"categories":[59],"tags":[],"post_mailing_queue_ids":[],"_links":{"self":[{"href":"https:\/\/pepason.fr\/index.php?rest_route=\/wp\/v2\/posts\/827"}],"collection":[{"href":"https:\/\/pepason.fr\/index.php?rest_route=\/wp\/v2\/posts"}],"about":[{"href":"https:\/\/pepason.fr\/index.php?rest_route=\/wp\/v2\/types\/post"}],"author":[{"embeddable":true,"href":"https:\/\/pepason.fr\/index.php?rest_route=\/wp\/v2\/users\/12"}],"replies":[{"embeddable":true,"href":"https:\/\/pepason.fr\/index.php?rest_route=%2Fwp%2Fv2%2Fcomments&post=827"}],"version-history":[{"count":7,"href":"https:\/\/pepason.fr\/index.php?rest_route=\/wp\/v2\/posts\/827\/revisions"}],"predecessor-version":[{"id":3634,"href":"https:\/\/pepason.fr\/index.php?rest_route=\/wp\/v2\/posts\/827\/revisions\/3634"}],"wp:featuredmedia":[{"embeddable":true,"href":"https:\/\/pepason.fr\/index.php?rest_route=\/wp\/v2\/media\/829"}],"wp:attachment":[{"href":"https:\/\/pepason.fr\/index.php?rest_route=%2Fwp%2Fv2%2Fmedia&parent=827"}],"wp:term":[{"taxonomy":"category","embeddable":true,"href":"https:\/\/pepason.fr\/index.php?rest_route=%2Fwp%2Fv2%2Fcategories&post=827"},{"taxonomy":"post_tag","embeddable":true,"href":"https:\/\/pepason.fr\/index.php?rest_route=%2Fwp%2Fv2%2Ftags&post=827"}],"curies":[{"name":"wp","href":"https:\/\/api.w.org\/{rel}","templated":true}]}}